{"id":5469,"date":"2020-06-17T09:09:40","date_gmt":"2020-06-17T09:09:40","guid":{"rendered":"http:\/\/parafiarussocice.pl\/?p=5469"},"modified":"2020-06-17T09:16:48","modified_gmt":"2020-06-17T09:16:48","slug":"bukiet-urodzinowy-dla-jana-pawla-ii","status":"publish","type":"post","link":"http:\/\/parafiarussocice.pl\/index.php\/2020\/06\/17\/bukiet-urodzinowy-dla-jana-pawla-ii\/","title":{"rendered":"Bukiet urodzinowy dla Jana Paw\u0142a II"},"content":{"rendered":"<p style=\"text-align: justify;\">Nasza parafia wzi\u0119\u0142a udzia\u0142 w og\u00f3lno\u015bwiatowej inicjatywie Bukiet urodzinowy dla Jana Paw\u0142a II &#8211; 100 mszy \u015bw. na 100 urodziny.&nbsp; W tej wsp\u00f3lnej dzi\u0119kczynnej ofierze uczestniczyli ksi\u0119\u017ca i wierni z 26 kraj\u00f3w ca\u0142ego \u015bwiata w ponad 180 mszach \u015bwi\u0119tych.&nbsp; Znalaz\u0142y si\u0119 tam ma\u0142e ko\u015bcio\u0142y w egzotycznych afryka\u0144skich krajach, ogromne katedry, znane sanktuaria, jak i ko\u015bcio\u0142y parafialne w ma\u0142o znanych miejscowo\u015bciach. <strong>R\u00f3wnie\u017c nasza parafia znalaz\u0142a si\u0119 w tym doborowym towarzystwie, i to na 64 pozycji. <\/strong>Dumnie reprezentowali\u015bmy nasz\u0105 diecezj\u0119, tym bardziej, \u017ce wyprzedzili\u015bmy Sanktuarium Matki Bo\u017cej Liche\u0144skiej o prawie 100 pozycji. <strong><br \/>\n<\/strong><\/p>\n<blockquote class=\"wp-embedded-content\" data-secret=\"TOky2dNhQZ\"><p><a href=\"https:\/\/jp2.at\/pl\/bukiet\/\">Bukiet urodzinowy dla \u015bw. Jana Paw\u0142a II<\/a><\/p><\/blockquote>\n<p><iframe class=\"wp-embedded-content\" sandbox=\"allow-scripts\" security=\"restricted\" style=\"position: absolute; clip: rect(1px, 1px, 1px, 1px);\" title=\"&#8222;Bukiet urodzinowy dla \u015bw. Jana Paw\u0142a II&#8220; &#8212; Hl. Johannes Paul II.\" src=\"https:\/\/jp2.at\/pl\/bukiet\/embed\/#?secret=TOky2dNhQZ\" data-secret=\"TOky2dNhQZ\" width=\"600\" height=\"338\" frameborder=\"0\" marginwidth=\"0\" marginheight=\"0\" scrolling=\"no\"><\/iframe><\/p>\n<p><a href=\"http:\/\/parafiarussocice.pl\/index.php\/2020\/06\/17\/bukiet-urodzinowy-dla-jana-pawla-ii\/plakat_100x100_pl-1-724x1024\/\" rel=\"attachment wp-att-5470\"><img loading=\"lazy\" class=\"size-full wp-image-5470 aligncenter\" src=\"http:\/\/parafiarussocice.pl\/wp-content\/uploads\/2020\/06\/Plakat_100x100_PL-1-724x1024-1.jpg\" alt=\"\" width=\"724\" height=\"1024\" srcset=\"http:\/\/parafiarussocice.pl\/wp-content\/uploads\/2020\/06\/Plakat_100x100_PL-1-724x1024-1.jpg 724w, http:\/\/parafiarussocice.pl\/wp-content\/uploads\/2020\/06\/Plakat_100x100_PL-1-724x1024-1-212x300.jpg 212w\" sizes=\"(max-width: 724px) 100vw, 724px\" \/><\/a><\/p>\n","protected":false},"excerpt":{"rendered":"<p>Nasza parafia wzi\u0119\u0142a udzia\u0142 w og\u00f3lno\u015bwiatowej inicjatywie Bukiet urodzinowy dla Jana Paw\u0142a II &#8211; 100 mszy \u015bw. na 100 urodziny.&nbsp; W tej wsp\u00f3lnej dzi\u0119kczynnej ofierze uczestniczyli ksi\u0119\u017ca i wierni z 26 kraj\u00f3w ca\u0142ego \u015bwiata w ponad 180 mszach \u015bwi\u0119tych.&nbsp; Znalaz\u0142y si\u0119 tam ma\u0142e ko\u015bcio\u0142y w egzotycznych afryka\u0144skich krajach, ogromne katedry, znane sanktuaria, jak i ko\u015bcio\u0142y &hellip; <a href=\"http:\/\/parafiarussocice.pl\/index.php\/2020\/06\/17\/bukiet-urodzinowy-dla-jana-pawla-ii\/\" class=\"more-link\">Czytaj dalej <span class=\"screen-reader-text\">Bukiet urodzinowy dla Jana Paw\u0142a II<\/span><\/a><\/p>\n","protected":false},"author":1,"featured_media":0,"comment_status":"closed","ping_status":"closed","sticky":false,"template":"","format":"standard","meta":{"ngg_post_thumbnail":0},"categories":[1],"tags":[],"_links":{"self":[{"href":"http:\/\/parafiarussocice.pl\/index.php\/wp-json\/wp\/v2\/posts\/5469"}],"collection":[{"href":"http:\/\/parafiarussocice.pl\/index.php\/wp-json\/wp\/v2\/posts"}],"about":[{"href":"http:\/\/parafiarussocice.pl\/index.php\/wp-json\/wp\/v2\/types\/post"}],"author":[{"embeddable":true,"href":"http:\/\/parafiarussocice.pl\/index.php\/wp-json\/wp\/v2\/users\/1"}],"replies":[{"embeddable":true,"href":"http:\/\/parafiarussocice.pl\/index.php\/wp-json\/wp\/v2\/comments?post=5469"}],"version-history":[{"count":4,"href":"http:\/\/parafiarussocice.pl\/index.php\/wp-json\/wp\/v2\/posts\/5469\/revisions"}],"predecessor-version":[{"id":5474,"href":"http:\/\/parafiarussocice.pl\/index.php\/wp-json\/wp\/v2\/posts\/5469\/revisions\/5474"}],"wp:attachment":[{"href":"http:\/\/parafiarussocice.pl\/index.php\/wp-json\/wp\/v2\/media?parent=5469"}],"wp:term":[{"taxonomy":"category","embeddable":true,"href":"http:\/\/parafiarussocice.pl\/index.php\/wp-json\/wp\/v2\/categories?post=5469"},{"taxonomy":"post_tag","embeddable":true,"href":"http:\/\/parafiarussocice.pl\/index.php\/wp-json\/wp\/v2\/tags?post=5469"}],"curies":[{"name":"wp","href":"https:\/\/api.w.org\/{rel}","templated":true}]}}