{"id":5196,"date":"2020-05-15T12:06:00","date_gmt":"2020-05-15T12:06:00","guid":{"rendered":"http:\/\/parafiarussocice.pl\/?p=5196"},"modified":"2020-05-15T12:18:32","modified_gmt":"2020-05-15T12:18:32","slug":"5196","status":"publish","type":"post","link":"http:\/\/parafiarussocice.pl\/index.php\/2020\/05\/15\/5196\/","title":{"rendered":"Prorocka Misja Fatimy wci\u0105\u017c trwa"},"content":{"rendered":"<p style=\"text-align: justify;\">W \u015brod\u0119 13 maja 2020 r. go\u015bcili\u015bmy w naszej parafii J. E. Ks. Biskupa Wis\u0142awa A. Meringa. Jak wspomnia\u0142 sam go\u015b\u0107, by\u0142a to pierwsza wizyta pasterska i pierwsze spotkanie z wiernymi po og\u0142oszeniu pandemii, a w zwi\u0105zku z tym wprowadzonych rygorach sanitarnych. G\u0142\u00f3wn\u0105 intencj\u0105 i motywem przewodnim zaproszenia biskupa Ordynariusza, by\u0142a przypadaj\u0105ca 103 rocznica objawie\u0144 fatimskich i ch\u0119\u0107 wsp\u00f3lnego \u015bwi\u0119towania z pasterzem diecezji nabo\u017ce\u0144stwa majowego w jednej z wybranych parafii. W tej konkretnej sytuacji, narzucone nam ograniczenia sanitarne i inne uci\u0105\u017cliwo\u015bci czasu pandemii, szcz\u0119\u015bliwie spotka\u0142y si\u0119 z od dawna wyra\u017canym pragnieniem ks. Biskupa, aby wreszcie spotka\u0107 si\u0119 jako ko\u015bci\u00f3\u0142 modl\u0105cy si\u0119 \u201ena \u017cywo\u201d.&nbsp; Paradoksalnie, trudno\u015bci i ograniczenia, pomog\u0142y \u201eprzebi\u0107 si\u0119\u201d ks. proboszczowi &nbsp;z zaproszeniem do znalezienia wolnego terminu w nabrzmia\u0142ym i po brzegi wype\u0142nionym kalendarzu Biskupa Diecezjalnego.<\/p>\n<p style=\"text-align: justify;\">Spotkanie rozpocz\u0119\u0142o si\u0119 od nabo\u017ce\u0144stwa majowego, celebrowanego w \u015bwi\u0105tyni parafialnej. Ks. Biskup na zako\u0144czenie \u015bpiewu litanii Loreta\u0144skiej, pie\u015bni maryjnych oraz suplikacji, udzieli\u0142 zebranym b\u0142ogos\u0142awie\u0144stwa Naj\u015bwi\u0119tszym Sakramentem. Nast\u0119pnie rozpocz\u0119\u0142a si\u0119 liturgia Mszy \u015bwi\u0119tej, w kt\u00f3rej wsp\u00f3\u0142koncelebrowali z biskupem nasi kap\u0142ani (ks. \u015awierad i ks. Dawid) oraz ks. Mateusz Szurgot, kapelan biskupa (odprawiaj\u0105cy Msz\u0119 gregoria\u0144sk\u0105 za naszego parafianina). W s\u0142owie pozdrowienia, ks. proboszcz witaj\u0105c ks. Biskupa, wprowadzi\u0142 uczestnik\u00f3w,w liturgiczny kontekst duchowego wydarzenia. Powiedzia\u0142 m.in. \u201e\u017be wydarzenia, do kt\u00f3rych dosz\u0142o ponad 100 lat temu w Fatimie, sta\u0142y si\u0119 najbardziej donios\u0142ymi objawieniami nie tylko w XXw., ale w ca\u0142ej historii Ko\u015bcio\u0142a. Or\u0119dzie Matki Bo\u017cej przekazane \u015bwi\u0119tym dzieciom \u2013 pastuszkom, wed\u0142ug zgodnej opinii \u015bw. Jana Paw\u0142a II i papie\u017ca Benedykta XVI wywar\u0142y wp\u0142yw na losy \u015bwiata, a nawet zmieni\u0142y bieg historii\u201d.<\/p>\n<p style=\"text-align: justify;\">Wszyscy zapami\u0119tamy homili\u0119 ks. Biskupa, w kt\u00f3rej kaznodzieja odni\u00f3s\u0142 si\u0119 do trzech wymiar\u00f3w czasowych tego fenomenu \u2013 jakim jest Fatima, r\u00f3wnie\u017c dla os\u00f3b niewierz\u0105cych. Pierwszy \u2013 to dzie\u0144 objawie\u0144 13.05.1917 r. dok\u0142adnie p\u00f3\u0142 roku przed wybuchem rewolucji bolszewickiej, nios\u0105cej po\u017cog\u0119, \u015bmier\u0107, g\u0142\u00f3d i prze\u015bladowanie. Matka Bo\u017ca jak zawsze \u2013 jako ostatni argument Mi\u0142osierdzia Boga, przychodzi z ratunkiem i wezwaniem do nawr\u00f3cenia.<\/p>\n<p style=\"text-align: justify;\">Drugi, wielce znacz\u0105cy moment, to 13.05.1981 r. &nbsp;i zamach na \u015bw. Jana Paw\u0142a II, a w jego nast\u0119pstwie &#8211; upublicznienie za jego pontyfikatu tzw. III tajemnicy Fatimskiej. I wreszcie trzeci czas: tu i teraz! To czas zbawienia, kt\u00f3ry prze\u017cywamy dzisiaj, w trudnej sytuacji ko\u015bcio\u0142a. S\u0142owa ks. Biskupa tchn\u0119\u0142y nadziej\u0105 i wezwaniem do nieustannego odczytywania obecnych \u201eznak\u00f3w czasu\u201d, dawanych nam przez Boga.<\/p>\n<p style=\"text-align: justify;\">Na zako\u0144czenie Mszy \u015bw. ze s\u0142owem wdzi\u0119czno\u015bci i podzi\u0119kowaniem zwr\u00f3ci\u0142a si\u0119 do ks. Biskupa \u2013 pani w\u00f3jt ElzbietaKlanowska. W imieniu mieszka\u0144c\u00f3w gminy, a tak\u017ce upowa\u017cniona przez Rad\u0119 parafialn\u0105 z\u0142o\u017cy\u0142a najlepsze \u017cyczenia na trudny czas pos\u0142ugi duszpasterskiej w naszej diecezji. Uroczysto\u015b\u0107, cho\u0107 prze\u017cywana w re\u017cimie oko\u0142o 30 os\u00f3b, przynios\u0142a wszystkim uczestnikom wiele rado\u015bci, ze wzgl\u0119du na wyj\u0105tkowo\u015b\u0107&nbsp; i serdeczno\u015b\u0107 przewodnicz\u0105cego liturgii, ale tak\u017ce kameralno\u015b\u0107 wydarzenia.&nbsp;<\/p>\n<p style=\"text-align: justify;\">Ks. \u015awierad S\u0142awomir Pettke<\/p>\n<!-- default-view.php -->\n<div\n\tclass=\"ngg-galleryoverview default-view \"\n\tid=\"ngg-gallery-3e66f9a668ed8bfcaea602d17af5c971-1\">\n\n\t\t<!-- Thumbnails -->\n\t\t\t\t<div id=\"ngg-image-0\" class=\"ngg-gallery-thumbnail-box \" >\n\t\t\t\t        <div class=\"ngg-gallery-thumbnail\">\n            <a href=\"http:\/\/parafiarussocice.pl\/wp-content\/gallery\/13-maja-2020\/fatima.jpg\"\n               title=\"\"\n               data-src=\"http:\/\/parafiarussocice.pl\/wp-content\/gallery\/13-maja-2020\/fatima.jpg\"\n               data-thumbnail=\"http:\/\/parafiarussocice.pl\/wp-content\/gallery\/13-maja-2020\/thumbs\/thumbs_fatima.jpg\"\n               data-image-id=\"571\"\n               data-title=\"fatima\"\n               data-description=\"\"\n               data-image-slug=\"fatima\"\n               class=\"ngg-simplelightbox\" rel=\"3e66f9a668ed8bfcaea602d17af5c971\">\n                <img\n                    title=\"fatima\"\n                    alt=\"fatima\"\n                    src=\"http:\/\/parafiarussocice.pl\/wp-content\/gallery\/13-maja-2020\/thumbs\/thumbs_fatima.jpg\"\n                    width=\"240\"\n                    height=\"160\"\n                    style=\"max-width:100%;\"\n                \/>\n            <\/a>\n        <\/div>\n\t\t\t\t\t\t\t<\/div> \n\t\t\t\n\t\t\t\t<div id=\"ngg-image-1\" class=\"ngg-gallery-thumbnail-box \" >\n\t\t\t\t        <div class=\"ngg-gallery-thumbnail\">\n            <a href=\"http:\/\/parafiarussocice.pl\/wp-content\/gallery\/13-maja-2020\/IMG_5460.JPG\"\n               title=\"\"\n               data-src=\"http:\/\/parafiarussocice.pl\/wp-content\/gallery\/13-maja-2020\/IMG_5460.JPG\"\n               data-thumbnail=\"http:\/\/parafiarussocice.pl\/wp-content\/gallery\/13-maja-2020\/thumbs\/thumbs_IMG_5460.JPG\"\n               data-image-id=\"576\"\n               data-title=\"IMG_5460\"\n               data-description=\"\"\n               data-image-slug=\"img_5460\"\n               class=\"ngg-simplelightbox\" rel=\"3e66f9a668ed8bfcaea602d17af5c971\">\n                <img\n                    title=\"IMG_5460\"\n                    alt=\"IMG_5460\"\n                    src=\"http:\/\/parafiarussocice.pl\/wp-content\/gallery\/13-maja-2020\/thumbs\/thumbs_IMG_5460.JPG\"\n                    width=\"240\"\n                    height=\"160\"\n                    style=\"max-width:100%;\"\n                \/>\n            <\/a>\n        <\/div>\n\t\t\t\t\t\t\t<\/div> \n\t\t\t\n\t\t\t\t<div id=\"ngg-image-2\" class=\"ngg-gallery-thumbnail-box \" >\n\t\t\t\t        <div class=\"ngg-gallery-thumbnail\">\n            <a href=\"http:\/\/parafiarussocice.pl\/wp-content\/gallery\/13-maja-2020\/IMG_5401.JPG\"\n               title=\"\"\n               data-src=\"http:\/\/parafiarussocice.pl\/wp-content\/gallery\/13-maja-2020\/IMG_5401.JPG\"\n               data-thumbnail=\"http:\/\/parafiarussocice.pl\/wp-content\/gallery\/13-maja-2020\/thumbs\/thumbs_IMG_5401.JPG\"\n               data-image-id=\"572\"\n               data-title=\"IMG_5401\"\n               data-description=\"\"\n               data-image-slug=\"img_5401\"\n               class=\"ngg-simplelightbox\" rel=\"3e66f9a668ed8bfcaea602d17af5c971\">\n                <img\n                    title=\"IMG_5401\"\n                    alt=\"IMG_5401\"\n                    src=\"http:\/\/parafiarussocice.pl\/wp-content\/gallery\/13-maja-2020\/thumbs\/thumbs_IMG_5401.JPG\"\n                    width=\"240\"\n                    height=\"160\"\n                    style=\"max-width:100%;\"\n                \/>\n            <\/a>\n        <\/div>\n\t\t\t\t\t\t\t<\/div> \n\t\t\t\n\t\t\t\t<div id=\"ngg-image-3\" class=\"ngg-gallery-thumbnail-box \" >\n\t\t\t\t        <div class=\"ngg-gallery-thumbnail\">\n            <a href=\"http:\/\/parafiarussocice.pl\/wp-content\/gallery\/13-maja-2020\/IMG_5445.JPG\"\n               title=\"\"\n               data-src=\"http:\/\/parafiarussocice.pl\/wp-content\/gallery\/13-maja-2020\/IMG_5445.JPG\"\n               data-thumbnail=\"http:\/\/parafiarussocice.pl\/wp-content\/gallery\/13-maja-2020\/thumbs\/thumbs_IMG_5445.JPG\"\n               data-image-id=\"573\"\n               data-title=\"IMG_5445\"\n               data-description=\"\"\n               data-image-slug=\"img_5445\"\n               class=\"ngg-simplelightbox\" rel=\"3e66f9a668ed8bfcaea602d17af5c971\">\n                <img\n                    title=\"IMG_5445\"\n                    alt=\"IMG_5445\"\n                    src=\"http:\/\/parafiarussocice.pl\/wp-content\/gallery\/13-maja-2020\/thumbs\/thumbs_IMG_5445.JPG\"\n                    width=\"240\"\n                    height=\"160\"\n                    style=\"max-width:100%;\"\n                \/>\n            <\/a>\n        <\/div>\n\t\t\t\t\t\t\t<\/div> \n\t\t\t\n\t\t\t\t<div id=\"ngg-image-4\" class=\"ngg-gallery-thumbnail-box \" >\n\t\t\t\t        <div class=\"ngg-gallery-thumbnail\">\n            <a href=\"http:\/\/parafiarussocice.pl\/wp-content\/gallery\/13-maja-2020\/IMG_5447.JPG\"\n               title=\"\"\n               data-src=\"http:\/\/parafiarussocice.pl\/wp-content\/gallery\/13-maja-2020\/IMG_5447.JPG\"\n               data-thumbnail=\"http:\/\/parafiarussocice.pl\/wp-content\/gallery\/13-maja-2020\/thumbs\/thumbs_IMG_5447.JPG\"\n               data-image-id=\"574\"\n               data-title=\"IMG_5447\"\n               data-description=\"\"\n               data-image-slug=\"img_5447\"\n               class=\"ngg-simplelightbox\" rel=\"3e66f9a668ed8bfcaea602d17af5c971\">\n                <img\n                    title=\"IMG_5447\"\n                    alt=\"IMG_5447\"\n                    src=\"http:\/\/parafiarussocice.pl\/wp-content\/gallery\/13-maja-2020\/thumbs\/thumbs_IMG_5447.JPG\"\n                    width=\"240\"\n                    height=\"160\"\n                    style=\"max-width:100%;\"\n                \/>\n            <\/a>\n        <\/div>\n\t\t\t\t\t\t\t<\/div> \n\t\t\t\n\t\t\t\t<div id=\"ngg-image-5\" class=\"ngg-gallery-thumbnail-box \" >\n\t\t\t\t        <div class=\"ngg-gallery-thumbnail\">\n            <a href=\"http:\/\/parafiarussocice.pl\/wp-content\/gallery\/13-maja-2020\/IMG_5451.JPG\"\n               title=\"\"\n               data-src=\"http:\/\/parafiarussocice.pl\/wp-content\/gallery\/13-maja-2020\/IMG_5451.JPG\"\n               data-thumbnail=\"http:\/\/parafiarussocice.pl\/wp-content\/gallery\/13-maja-2020\/thumbs\/thumbs_IMG_5451.JPG\"\n               data-image-id=\"575\"\n               data-title=\"IMG_5451\"\n               data-description=\"\"\n               data-image-slug=\"img_5451\"\n               class=\"ngg-simplelightbox\" rel=\"3e66f9a668ed8bfcaea602d17af5c971\">\n                <img\n                    title=\"IMG_5451\"\n                    alt=\"IMG_5451\"\n                    src=\"http:\/\/parafiarussocice.pl\/wp-content\/gallery\/13-maja-2020\/thumbs\/thumbs_IMG_5451.JPG\"\n                    width=\"240\"\n                    height=\"160\"\n                    style=\"max-width:100%;\"\n                \/>\n            <\/a>\n        <\/div>\n\t\t\t\t\t\t\t<\/div> \n\t\t\t\n\t\t\t\t<div id=\"ngg-image-6\" class=\"ngg-gallery-thumbnail-box \" >\n\t\t\t\t        <div class=\"ngg-gallery-thumbnail\">\n            <a href=\"http:\/\/parafiarussocice.pl\/wp-content\/gallery\/13-maja-2020\/obrazek.jpg\"\n               title=\"\"\n               data-src=\"http:\/\/parafiarussocice.pl\/wp-content\/gallery\/13-maja-2020\/obrazek.jpg\"\n               data-thumbnail=\"http:\/\/parafiarussocice.pl\/wp-content\/gallery\/13-maja-2020\/thumbs\/thumbs_obrazek.jpg\"\n               data-image-id=\"570\"\n               data-title=\"obrazek\"\n               data-description=\"\"\n               data-image-slug=\"obrazek\"\n               class=\"ngg-simplelightbox\" rel=\"3e66f9a668ed8bfcaea602d17af5c971\">\n                <img\n                    title=\"obrazek\"\n                    alt=\"obrazek\"\n                    src=\"http:\/\/parafiarussocice.pl\/wp-content\/gallery\/13-maja-2020\/thumbs\/thumbs_obrazek.jpg\"\n                    width=\"240\"\n                    height=\"160\"\n                    style=\"max-width:100%;\"\n                \/>\n            <\/a>\n        <\/div>\n\t\t\t\t\t\t\t<\/div> \n\t\t\t\n\t\n\t<br style=\"clear: both\" \/>\n\n\t\n\t\t<!-- Pagination -->\n\t<div class='ngg-clear'><\/div>\t<\/div>\n\n","protected":false},"excerpt":{"rendered":"<p>W \u015brod\u0119 13 maja 2020 r. go\u015bcili\u015bmy w naszej parafii J. E. Ks. Biskupa Wis\u0142awa A. Meringa. Jak wspomnia\u0142 sam go\u015b\u0107, by\u0142a to pierwsza wizyta pasterska i pierwsze spotkanie z wiernymi po og\u0142oszeniu pandemii, a w zwi\u0105zku z tym wprowadzonych rygorach sanitarnych. G\u0142\u00f3wn\u0105 intencj\u0105 i motywem przewodnim zaproszenia biskupa Ordynariusza, by\u0142a przypadaj\u0105ca 103 rocznica objawie\u0144 &hellip; <a href=\"http:\/\/parafiarussocice.pl\/index.php\/2020\/05\/15\/5196\/\" class=\"more-link\">Czytaj dalej <span class=\"screen-reader-text\">Prorocka Misja Fatimy wci\u0105\u017c trwa<\/span><\/a><\/p>\n","protected":false},"author":1,"featured_media":0,"comment_status":"closed","ping_status":"closed","sticky":false,"template":"","format":"standard","meta":{"ngg_post_thumbnail":0},"categories":[1],"tags":[],"_links":{"self":[{"href":"http:\/\/parafiarussocice.pl\/index.php\/wp-json\/wp\/v2\/posts\/5196"}],"collection":[{"href":"http:\/\/parafiarussocice.pl\/index.php\/wp-json\/wp\/v2\/posts"}],"about":[{"href":"http:\/\/parafiarussocice.pl\/index.php\/wp-json\/wp\/v2\/types\/post"}],"author":[{"embeddable":true,"href":"http:\/\/parafiarussocice.pl\/index.php\/wp-json\/wp\/v2\/users\/1"}],"replies":[{"embeddable":true,"href":"http:\/\/parafiarussocice.pl\/index.php\/wp-json\/wp\/v2\/comments?post=5196"}],"version-history":[{"count":7,"href":"http:\/\/parafiarussocice.pl\/index.php\/wp-json\/wp\/v2\/posts\/5196\/revisions"}],"predecessor-version":[{"id":5211,"href":"http:\/\/parafiarussocice.pl\/index.php\/wp-json\/wp\/v2\/posts\/5196\/revisions\/5211"}],"wp:attachment":[{"href":"http:\/\/parafiarussocice.pl\/index.php\/wp-json\/wp\/v2\/media?parent=5196"}],"wp:term":[{"taxonomy":"category","embeddable":true,"href":"http:\/\/parafiarussocice.pl\/index.php\/wp-json\/wp\/v2\/categories?post=5196"},{"taxonomy":"post_tag","embeddable":true,"href":"http:\/\/parafiarussocice.pl\/index.php\/wp-json\/wp\/v2\/tags?post=5196"}],"curies":[{"name":"wp","href":"https:\/\/api.w.org\/{rel}","templated":true}]}}