{"id":468,"date":"2017-11-14T15:16:21","date_gmt":"2017-11-14T15:16:21","guid":{"rendered":"http:\/\/parafiarussocice.pl\/?p=468"},"modified":"2017-11-17T07:44:52","modified_gmt":"2017-11-17T07:44:52","slug":"11-listopada-2017","status":"publish","type":"post","link":"http:\/\/parafiarussocice.pl\/index.php\/2017\/11\/14\/11-listopada-2017\/","title":{"rendered":"11 Listopada 2017"},"content":{"rendered":"<p>W sobot\u0119, 11 listopada 2017 roku, obchodzili\u015bmy <strong>99.<\/strong> rocznic\u0119 odzyskania przez Polsk\u0119 niepodleg\u0142o\u015bci. Centralnym punktem obchod\u00f3w by\u0142a sprawowana &#8222;Za Ojczyzn\u0119&#8221; Eucharystia. Przewodniczy\u0142 jej ks. dr Szymon Wiatrowski, miejscowy wikariusz, kt\u00f3ry r\u00f3wnie\u017c wyg\u0142osi\u0142 okoliczno\u015bciowe S\u0142owo Bo\u017ce.<\/p>\n<p><img loading=\"lazy\" class=\"wp-image-478 aligncenter\" src=\"http:\/\/parafiarussocice.pl\/wp-content\/uploads\/2017\/11\/23456197_1962923460702484_5280349549885143451_o-1-2-300x169.jpg\" alt=\"\" width=\"431\" height=\"243\" srcset=\"http:\/\/parafiarussocice.pl\/wp-content\/uploads\/2017\/11\/23456197_1962923460702484_5280349549885143451_o-1-2-300x169.jpg 300w, http:\/\/parafiarussocice.pl\/wp-content\/uploads\/2017\/11\/23456197_1962923460702484_5280349549885143451_o-1-2-768x432.jpg 768w, http:\/\/parafiarussocice.pl\/wp-content\/uploads\/2017\/11\/23456197_1962923460702484_5280349549885143451_o-1-2-1024x576.jpg 1024w, http:\/\/parafiarussocice.pl\/wp-content\/uploads\/2017\/11\/23456197_1962923460702484_5280349549885143451_o-1-2.jpg 2048w\" sizes=\"(max-width: 431px) 100vw, 431px\" \/><\/p>\n<p>S\u0142owo wst\u0119pne wyg\u0142osi\u0142 Proboszcz parafii &#8211; ks. kan. Andrzej Kaczmarek, w kt\u00f3rym powita\u0142 Go\u015bci, Poczty sztandarowe, Druh\u00f3w Stra\u017cak\u00f3w oraz M\u0142odzie\u017cow\u0105 Orkiestr\u0119 D\u0119t\u0105 OSP W\u0142adys\u0142aw\u00f3w pod batut\u0105 p. Andrzeja Kujawy.<\/p>\n<p>Po b\u0142ogos\u0142awie\u0144stwie i od\u015bpiewaniu pie\u015bni &#8222;Bo\u017ce, co\u015b Polsk\u0119&#8221;, wierni udali si\u0119 do pomnika na Rynku W\u0142adys\u0142awowskim, by poprzez s\u0142owo, pie\u015bni i z\u0142o\u017cenie kwiat\u00f3w, odda\u0107 ho\u0142d poleg\u0142ym w obronie Ojczyzny.<\/p>\n","protected":false},"excerpt":{"rendered":"<p>W sobot\u0119, 11 listopada 2017 roku, obchodzili\u015bmy 99. rocznic\u0119 odzyskania przez Polsk\u0119 niepodleg\u0142o\u015bci. Centralnym punktem obchod\u00f3w by\u0142a sprawowana &#8222;Za Ojczyzn\u0119&#8221; Eucharystia. Przewodniczy\u0142 jej ks. dr Szymon Wiatrowski, miejscowy wikariusz, kt\u00f3ry r\u00f3wnie\u017c wyg\u0142osi\u0142 okoliczno\u015bciowe S\u0142owo Bo\u017ce. S\u0142owo wst\u0119pne wyg\u0142osi\u0142 Proboszcz parafii &#8211; ks. kan. Andrzej Kaczmarek, w kt\u00f3rym powita\u0142 Go\u015bci, Poczty sztandarowe, Druh\u00f3w Stra\u017cak\u00f3w oraz M\u0142odzie\u017cow\u0105 &hellip; <a href=\"http:\/\/parafiarussocice.pl\/index.php\/2017\/11\/14\/11-listopada-2017\/\" class=\"more-link\">Czytaj dalej <span class=\"screen-reader-text\">11 Listopada 2017<\/span><\/a><\/p>\n","protected":false},"author":1,"featured_media":476,"comment_status":"closed","ping_status":"closed","sticky":false,"template":"","format":"standard","meta":{"ngg_post_thumbnail":0},"categories":[1],"tags":[],"_links":{"self":[{"href":"http:\/\/parafiarussocice.pl\/index.php\/wp-json\/wp\/v2\/posts\/468"}],"collection":[{"href":"http:\/\/parafiarussocice.pl\/index.php\/wp-json\/wp\/v2\/posts"}],"about":[{"href":"http:\/\/parafiarussocice.pl\/index.php\/wp-json\/wp\/v2\/types\/post"}],"author":[{"embeddable":true,"href":"http:\/\/parafiarussocice.pl\/index.php\/wp-json\/wp\/v2\/users\/1"}],"replies":[{"embeddable":true,"href":"http:\/\/parafiarussocice.pl\/index.php\/wp-json\/wp\/v2\/comments?post=468"}],"version-history":[{"count":9,"href":"http:\/\/parafiarussocice.pl\/index.php\/wp-json\/wp\/v2\/posts\/468\/revisions"}],"predecessor-version":[{"id":480,"href":"http:\/\/parafiarussocice.pl\/index.php\/wp-json\/wp\/v2\/posts\/468\/revisions\/480"}],"wp:featuredmedia":[{"embeddable":true,"href":"http:\/\/parafiarussocice.pl\/index.php\/wp-json\/wp\/v2\/media\/476"}],"wp:attachment":[{"href":"http:\/\/parafiarussocice.pl\/index.php\/wp-json\/wp\/v2\/media?parent=468"}],"wp:term":[{"taxonomy":"category","embeddable":true,"href":"http:\/\/parafiarussocice.pl\/index.php\/wp-json\/wp\/v2\/categories?post=468"},{"taxonomy":"post_tag","embeddable":true,"href":"http:\/\/parafiarussocice.pl\/index.php\/wp-json\/wp\/v2\/tags?post=468"}],"curies":[{"name":"wp","href":"https:\/\/api.w.org\/{rel}","templated":true}]}}